{"id":113,"date":"2026-03-09T12:56:57","date_gmt":"2026-03-09T11:56:57","guid":{"rendered":"https:\/\/znalostnihub.ujep.cz\/?p=113"},"modified":"2026-03-09T12:56:57","modified_gmt":"2026-03-09T11:56:57","slug":"zastupci-projektu-rur-na-historicky-prvni-ceske-konferenci-k-tematu-litteringu","status":"publish","type":"post","link":"https:\/\/znalostnihub.ujep.cz\/zastupci-projektu-rur-na-historicky-prvni-ceske-konferenci-k-tematu-litteringu\/","title":{"rendered":"Z\u00e1stupci projektu RUR na historicky prvn\u00ed \u010desk\u00e9 konferenci k t\u00e9matu litteringu"},"content":{"rendered":"\n<p>22. ledna 2026 se v Praze uskute\u010dnila konference Littering-Jak na \u010dist\u00e9 obce historicky prvn\u00ed odborn\u00e9 setk\u00e1n\u00ed v \u010cesk\u00e9 republice v\u011bnovan\u00e9 v\u00fdhradn\u011b problematice litteringu (odpadu odhozen\u00e9ho mimo sb\u011brn\u00e9 n\u00e1doby). Projekt RUR \u2013 Region univerzit\u011b, univerzita regionu a Univerzitu J. E. Purkyn\u011b v\u00a0\u00dast\u00ed nad Labem zde reprezentovali odborn\u00edci na ekonomiku odpadov\u00e9ho hospod\u00e1\u0159stv\u00ed, doc. Jan Slav\u00edk a dr. Krist\u00fdna Rybov\u00e1.<\/p>\n\n\n\n<p>\u00da\u010dast expert\u016f z UJEP na t\u00e9to ojedin\u011bl\u00e9 akci ur\u010den\u00e9 odborn\u00e9 ve\u0159ejnosti pom\u00e1h\u00e1 propojovat akademick\u00e9 know-how s re\u00e1ln\u00fdmi pot\u0159ebami samospr\u00e1v. Konference se zam\u011b\u0159ila na modern\u00ed n\u00e1stroje monitoringu \u010distoty ve\u0159ejn\u00e9ho prostoru, behavior\u00e1ln\u00ed aspekty prevence vzniku odpadu a efektivn\u00ed spr\u00e1vu m\u011bstsk\u00e9ho mobili\u00e1\u0159e. V\u00edce informac\u00ed a p\u0159edev\u0161\u00edm p\u0159edn\u00e1\u0161ky jednotliv\u00fdch \u0159e\u010dn\u00edk\u016f je mo\u017en\u00e9 naj\u00edt na str\u00e1nk\u00e1ch konference <a href=\"https:\/\/cisteulice.cz\/konference-2025\/\">https:\/\/cisteulice.cz\/konference-2025\/<\/a><\/p>\n\n\n\n<figure class=\"wp-block-gallery has-nested-images columns-default is-cropped wp-block-gallery-1 is-layout-flex wp-block-gallery-is-layout-flex\">\n<figure class=\"wp-block-image size-large\"><img loading=\"lazy\" decoding=\"async\" width=\"1024\" height=\"683\" data-id=\"115\" src=\"https:\/\/znalostnihub.ujep.cz\/wp-content\/uploads\/2026\/03\/obr2-1024x683.jpg\" alt=\"\" class=\"wp-image-115\" srcset=\"https:\/\/znalostnihub.ujep.cz\/wp-content\/uploads\/2026\/03\/obr2-1024x683.jpg 1024w, https:\/\/znalostnihub.ujep.cz\/wp-content\/uploads\/2026\/03\/obr2-300x200.jpg 300w, https:\/\/znalostnihub.ujep.cz\/wp-content\/uploads\/2026\/03\/obr2-768x512.jpg 768w, https:\/\/znalostnihub.ujep.cz\/wp-content\/uploads\/2026\/03\/obr2.jpg 1199w\" sizes=\"auto, (max-width: 1024px) 100vw, 1024px\" \/><\/figure>\n\n\n\n<figure class=\"wp-block-image size-large\"><img loading=\"lazy\" decoding=\"async\" width=\"1024\" height=\"683\" data-id=\"114\" src=\"https:\/\/znalostnihub.ujep.cz\/wp-content\/uploads\/2026\/03\/obr1-1024x683.jpg\" alt=\"\" class=\"wp-image-114\" srcset=\"https:\/\/znalostnihub.ujep.cz\/wp-content\/uploads\/2026\/03\/obr1-1024x683.jpg 1024w, https:\/\/znalostnihub.ujep.cz\/wp-content\/uploads\/2026\/03\/obr1-300x200.jpg 300w, https:\/\/znalostnihub.ujep.cz\/wp-content\/uploads\/2026\/03\/obr1-768x512.jpg 768w, https:\/\/znalostnihub.ujep.cz\/wp-content\/uploads\/2026\/03\/obr1.jpg 1199w\" sizes=\"auto, (max-width: 1024px) 100vw, 1024px\" \/><\/figure>\n<\/figure>\n","protected":false},"excerpt":{"rendered":"<p>22. ledna 2026 se v Praze uskute\u010dnila konference Littering-Jak na \u010dist\u00e9 obce historicky prvn\u00ed odborn\u00e9 setk\u00e1n\u00ed v \u010cesk\u00e9 republice v\u011bnovan\u00e9 v\u00fdhradn\u011b problematice litteringu (odpadu odhozen\u00e9ho mimo sb\u011brn\u00e9 n\u00e1doby). Projekt RUR [&hellip;]<\/p>\n","protected":false},"author":1,"featured_media":0,"comment_status":"closed","ping_status":"closed","sticky":false,"template":"","format":"standard","meta":{"_EventAllDay":false,"_EventTimezone":"","_EventStartDate":"","_EventEndDate":"","_EventStartDateUTC":"","_EventEndDateUTC":"","_EventShowMap":false,"_EventShowMapLink":false,"_EventURL":"","_EventCost":"","_EventCostDescription":"","_EventCurrencySymbol":"","_EventCurrencyCode":"","_EventCurrencyPosition":"","_EventDateTimeSeparator":"","_EventTimeRangeSeparator":"","_EventOrganizerID":[],"_EventVenueID":[],"_OrganizerEmail":"","_OrganizerPhone":"","_OrganizerWebsite":"","_VenueAddress":"","_VenueCity":"","_VenueCountry":"","_VenueProvince":"","_VenueState":"","_VenueZip":"","_VenuePhone":"","_VenueURL":"","_VenueStateProvince":"","_VenueLat":"","_VenueLng":"","_VenueShowMap":false,"_VenueShowMapLink":false,"footnotes":""},"categories":[5],"tags":[],"class_list":["post-113","post","type-post","status-publish","format-standard","hentry","category-aktuality"],"_links":{"self":[{"href":"https:\/\/znalostnihub.ujep.cz\/wp-json\/wp\/v2\/posts\/113","targetHints":{"allow":["GET"]}}],"collection":[{"href":"https:\/\/znalostnihub.ujep.cz\/wp-json\/wp\/v2\/posts"}],"about":[{"href":"https:\/\/znalostnihub.ujep.cz\/wp-json\/wp\/v2\/types\/post"}],"author":[{"embeddable":true,"href":"https:\/\/znalostnihub.ujep.cz\/wp-json\/wp\/v2\/users\/1"}],"replies":[{"embeddable":true,"href":"https:\/\/znalostnihub.ujep.cz\/wp-json\/wp\/v2\/comments?post=113"}],"version-history":[{"count":1,"href":"https:\/\/znalostnihub.ujep.cz\/wp-json\/wp\/v2\/posts\/113\/revisions"}],"predecessor-version":[{"id":116,"href":"https:\/\/znalostnihub.ujep.cz\/wp-json\/wp\/v2\/posts\/113\/revisions\/116"}],"wp:attachment":[{"href":"https:\/\/znalostnihub.ujep.cz\/wp-json\/wp\/v2\/media?parent=113"}],"wp:term":[{"taxonomy":"category","embeddable":true,"href":"https:\/\/znalostnihub.ujep.cz\/wp-json\/wp\/v2\/categories?post=113"},{"taxonomy":"post_tag","embeddable":true,"href":"https:\/\/znalostnihub.ujep.cz\/wp-json\/wp\/v2\/tags?post=113"}],"curies":[{"name":"wp","href":"https:\/\/api.w.org\/{rel}","templated":true}]}}